{"id":10807,"date":"2019-02-18T08:13:49","date_gmt":"2019-02-18T07:13:49","guid":{"rendered":"https:\/\/www.galeriechampaka.com\/?p=10807"},"modified":"2019-02-18T08:13:52","modified_gmt":"2019-02-18T07:13:52","slug":"adieu-ami-claude","status":"publish","type":"post","link":"https:\/\/www.galeriechampaka.com\/?p=10807","title":{"rendered":"Adieu, Ami Claude&#8230;"},"content":{"rendered":"\n<p>Claude Renard \nnous a quitt\u00e9s ce dimanche. Homme et artiste lumineux, il restera comme \nl&rsquo;artisan du renouveau de la bande dessin\u00e9e belge, \u00e0 l&rsquo;aube des ann\u00e9es \n&rsquo;80 avec l&rsquo;&nbsp;\u00ab&nbsp;Atelier R&nbsp;\u00bb de l&rsquo;Ecole Saint-Luc de Bruxelles. <\/p>\n\n\n\n<p>De\n grands cr\u00e9ateurs (Schuiten, Sokal, Berthet, Goffin et bien d&rsquo;autres) \nont b\u00e9n\u00e9fici\u00e9 de son enseignement combinant vertus du classicisme et, \nsurtout, de l&rsquo;innovation. <\/p>\n\n\n\n<p>La Galerie Champaka a eu l&rsquo;honneur d&rsquo;accueillir son exposition \u00ab\u00a0Aux Vents Salins\u00a0\u00bb. Comme nous l&rsquo;\u00e9crivions \u00e0 l&rsquo;\u00e9poque, <em>\u00ab\u00a0Chez\n Claude Renard, on ne sait qui, de l\u2019\u0153il ou de la main, a le plus de \ntalent. Les deux, sans doute. Les cadrages de ses Vents Salins sont \nd\u2019une beaut\u00e9 stup\u00e9fiante. Saisies sur le vif, ses carcasses de bateaux \napparaissent dans leur semblant d\u2019\u00e9ternit\u00e9 comme des visions \nhallucin\u00e9es. Hachures, droites, courbes s\u2019\u00e9pousent et se chassent. Tout \nest musique dans cette s\u00e9rie d\u2019images \u00e0 l\u2019\u00e9quilibre instable, c\u00e9l\u00e9brant \nla transformation et l\u2019oubli. Saisissant, vibrant, profond\u00e9ment \nesth\u00e9tique, son travail&nbsp; sur les cimeti\u00e8res marins bretons sent le sel, \nl\u2019iode, le bois en d\u00e9composition et les embruns. Il sent la vie, plus \nque jamais!&nbsp;\u00bb <\/em><\/p>\n\n\n\n<p>Il  est un des artistes qui illustre au mieux ce que la bande dessin\u00e9e et  l&rsquo;illustration peuvent cr\u00e9er comme merveilles graphiques. Bon vent, ami  du crayon et cr\u00e9ateur d&rsquo;univers magiques\u2026<\/p>\n\n\n\n<figure class=\"wp-block-image\"><img loading=\"lazy\" decoding=\"async\" width=\"1024\" height=\"733\" src=\"https:\/\/www.galeriechampaka.com\/wp\/wp-content\/uploads\/2019\/02\/RENARD-03-1024x733.jpg\" alt=\"\" class=\"wp-image-10808\" srcset=\"https:\/\/www.galeriechampaka.com\/wp-content\/uploads\/2019\/02\/RENARD-03-1024x733.jpg 1024w, https:\/\/www.galeriechampaka.com\/wp-content\/uploads\/2019\/02\/RENARD-03-300x215.jpg 300w, https:\/\/www.galeriechampaka.com\/wp-content\/uploads\/2019\/02\/RENARD-03-768x550.jpg 768w, https:\/\/www.galeriechampaka.com\/wp-content\/uploads\/2019\/02\/RENARD-03.jpg 1280w\" sizes=\"auto, (max-width: 1024px) 100vw, 1024px\" \/><\/figure>\n","protected":false},"excerpt":{"rendered":"<p>Claude Renard  nous a quitt\u00e9s ce dimanche. Homme et artiste lumineux, il restera comme  l&rsquo;artisan du renouveau de la bande dessin\u00e9e belge, \u00e0 l&rsquo;aube des ann\u00e9es  &rsquo;80 avec l&rsquo; \u00ab Atelier R \u00bb de l&rsquo;Ecole Saint-Luc de Bruxelles. <\/p>\n","protected":false},"author":1,"featured_media":10806,"comment_status":"closed","ping_status":"open","sticky":false,"template":"","format":"standard","meta":{"ngg_post_thumbnail":0,"footnotes":""},"categories":[4],"tags":[],"class_list":["post-10807","post","type-post","status-publish","format-standard","has-post-thumbnail","hentry","category-news"],"_links":{"self":[{"href":"https:\/\/www.galeriechampaka.com\/index.php?rest_route=\/wp\/v2\/posts\/10807","targetHints":{"allow":["GET"]}}],"collection":[{"href":"https:\/\/www.galeriechampaka.com\/index.php?rest_route=\/wp\/v2\/posts"}],"about":[{"href":"https:\/\/www.galeriechampaka.com\/index.php?rest_route=\/wp\/v2\/types\/post"}],"author":[{"embeddable":true,"href":"https:\/\/www.galeriechampaka.com\/index.php?rest_route=\/wp\/v2\/users\/1"}],"replies":[{"embeddable":true,"href":"https:\/\/www.galeriechampaka.com\/index.php?rest_route=%2Fwp%2Fv2%2Fcomments&post=10807"}],"version-history":[{"count":1,"href":"https:\/\/www.galeriechampaka.com\/index.php?rest_route=\/wp\/v2\/posts\/10807\/revisions"}],"predecessor-version":[{"id":10809,"href":"https:\/\/www.galeriechampaka.com\/index.php?rest_route=\/wp\/v2\/posts\/10807\/revisions\/10809"}],"wp:featuredmedia":[{"embeddable":true,"href":"https:\/\/www.galeriechampaka.com\/index.php?rest_route=\/wp\/v2\/media\/10806"}],"wp:attachment":[{"href":"https:\/\/www.galeriechampaka.com\/index.php?rest_route=%2Fwp%2Fv2%2Fmedia&parent=10807"}],"wp:term":[{"taxonomy":"category","embeddable":true,"href":"https:\/\/www.galeriechampaka.com\/index.php?rest_route=%2Fwp%2Fv2%2Fcategories&post=10807"},{"taxonomy":"post_tag","embeddable":true,"href":"https:\/\/www.galeriechampaka.com\/index.php?rest_route=%2Fwp%2Fv2%2Ftags&post=10807"}],"curies":[{"name":"wp","href":"https:\/\/api.w.org\/{rel}","templated":true}]}}