{"id":51456,"date":"2022-01-25T11:55:14","date_gmt":"2022-01-25T10:55:14","guid":{"rendered":"https:\/\/www.galeriechampaka.com\/?p=51456"},"modified":"2022-01-25T15:03:52","modified_gmt":"2022-01-25T14:03:52","slug":"jean-claude-mezieres-nous-a-quitte","status":"publish","type":"post","link":"https:\/\/www.galeriechampaka.com\/?p=51456","title":{"rendered":"Jean-Claude M\u00e9zi\u00e8res nous a quitt\u00e9&#8230;"},"content":{"rendered":"<p style=\"font-weight: 400;\">Ce 23 janvier 2022, <strong>Jean-Claude M\u00e9zi\u00e8res<\/strong>, cr\u00e9ateur avec Pierre Christin, de <strong><em>\u00ab&nbsp;Val\u00e9rian et Laureline&nbsp;\u00bb<\/em><\/strong>, a rejoint, \u00e0 83 ans, le cosmos en passant par Cassiop\u00e9e.<\/p>\n<p style=\"font-weight: 400;\">Non content d\u2019avoir imagin\u00e9 un des navires amiraux de la science-europ\u00e9enne, il a inspir\u00e9 \u00ab&nbsp;Star Wars&nbsp;\u00bb et \u00ab Le Cinqui\u00e8me \u00c9l\u00e9ment&nbsp;\u00bb et, bien s\u00fbr, nombre de dessinateurs de bande dessin\u00e9e. La <strong>galerie Champaka<\/strong> a eu la chance d\u2019exposer ses \u0153uvres en juin-juillet 2019. A l\u2019encre de Chine ou en couleurs, chacune t\u00e9moigne de son \u00e9nergie et de son exigence. Lors du vernissage, les visiteurs furent frapp\u00e9s par sa bienveillance, sa simplicit\u00e9 et sa joie de vivre. <strong>Un \u00eatre pr\u00e9cieux et profond\u00e9ment attachant vient de nous quitter<\/strong>.<\/p>\n<p><img loading=\"lazy\" decoding=\"async\" class=\"alignnone wp-image-51457\" src=\"https:\/\/www.galeriechampaka.com\/wp\/wp-content\/uploads\/2022\/01\/image002-300x200.jpg\" alt=\"Jean-Claude M\u00e9zi\u00e8res\" width=\"654\" height=\"436\" srcset=\"https:\/\/www.galeriechampaka.com\/wp-content\/uploads\/2022\/01\/image002-300x200.jpg 300w, https:\/\/www.galeriechampaka.com\/wp-content\/uploads\/2022\/01\/image002-1024x683.jpg 1024w, https:\/\/www.galeriechampaka.com\/wp-content\/uploads\/2022\/01\/image002-768x512.jpg 768w, https:\/\/www.galeriechampaka.com\/wp-content\/uploads\/2022\/01\/image002-1536x1024.jpg 1536w, https:\/\/www.galeriechampaka.com\/wp-content\/uploads\/2022\/01\/image002.jpg 1920w\" sizes=\"auto, (max-width: 654px) 100vw, 654px\" \/><\/p>\n<p style=\"font-weight: 400;\">Photo \u00a9 Yves De Clercq<\/p>\n","protected":false},"excerpt":{"rendered":"<p>Ce 23 janvier 2022, Jean-Claude M\u00e9zi\u00e8res, cr\u00e9ateur avec Pierre Christin, de \u00ab Val\u00e9rian et Laureline \u00bb, a rejoint, \u00e0 83 ans, le cosmos en passant par Cassiop\u00e9e.<\/p>\n","protected":false},"author":5,"featured_media":51457,"comment_status":"closed","ping_status":"open","sticky":false,"template":"","format":"standard","meta":{"ngg_post_thumbnail":0,"footnotes":""},"categories":[4],"tags":[],"class_list":["post-51456","post","type-post","status-publish","format-standard","has-post-thumbnail","hentry","category-news"],"_links":{"self":[{"href":"https:\/\/www.galeriechampaka.com\/index.php?rest_route=\/wp\/v2\/posts\/51456","targetHints":{"allow":["GET"]}}],"collection":[{"href":"https:\/\/www.galeriechampaka.com\/index.php?rest_route=\/wp\/v2\/posts"}],"about":[{"href":"https:\/\/www.galeriechampaka.com\/index.php?rest_route=\/wp\/v2\/types\/post"}],"author":[{"embeddable":true,"href":"https:\/\/www.galeriechampaka.com\/index.php?rest_route=\/wp\/v2\/users\/5"}],"replies":[{"embeddable":true,"href":"https:\/\/www.galeriechampaka.com\/index.php?rest_route=%2Fwp%2Fv2%2Fcomments&post=51456"}],"version-history":[{"count":9,"href":"https:\/\/www.galeriechampaka.com\/index.php?rest_route=\/wp\/v2\/posts\/51456\/revisions"}],"predecessor-version":[{"id":51473,"href":"https:\/\/www.galeriechampaka.com\/index.php?rest_route=\/wp\/v2\/posts\/51456\/revisions\/51473"}],"wp:featuredmedia":[{"embeddable":true,"href":"https:\/\/www.galeriechampaka.com\/index.php?rest_route=\/wp\/v2\/media\/51457"}],"wp:attachment":[{"href":"https:\/\/www.galeriechampaka.com\/index.php?rest_route=%2Fwp%2Fv2%2Fmedia&parent=51456"}],"wp:term":[{"taxonomy":"category","embeddable":true,"href":"https:\/\/www.galeriechampaka.com\/index.php?rest_route=%2Fwp%2Fv2%2Fcategories&post=51456"},{"taxonomy":"post_tag","embeddable":true,"href":"https:\/\/www.galeriechampaka.com\/index.php?rest_route=%2Fwp%2Fv2%2Ftags&post=51456"}],"curies":[{"name":"wp","href":"https:\/\/api.w.org\/{rel}","templated":true}]}}