{"id":5755,"date":"2017-08-06T15:10:34","date_gmt":"2017-08-06T13:10:34","guid":{"rendered":"https:\/\/www.galeriechampaka.com\/?p=5755"},"modified":"2017-08-06T15:14:02","modified_gmt":"2017-08-06T13:14:02","slug":"aux-vents-salins-de-claude-renard-la-couverture","status":"publish","type":"post","link":"https:\/\/www.galeriechampaka.com\/?p=5755","title":{"rendered":"\u00ab\u00a0Aux vents salins\u00a0\u00bb de Claude Renard : la couverture"},"content":{"rendered":"<p>La superbe exposition \u00ab\u00a0Aux vents salins\u00a0\u00bb que Claude Renard a cr\u00e9\u00e9 pour la galerie Champaka est accompagn\u00e9e d&rsquo;un livre d&rsquo;artiste dont le tirage est limit\u00e9, num\u00e9rot\u00e9 et sign\u00e9. En avant-premi\u00e8re, voici la couverture.<\/p>\n<p><a href=\"https:\/\/www.galeriechampaka.com\/wp\/wp-content\/uploads\/2017\/08\/AUX-VENTS-SALINS-Cover.jpg\"><img loading=\"lazy\" decoding=\"async\" width=\"1024\" height=\"434\" src=\"https:\/\/www.galeriechampaka.com\/wp\/wp-content\/uploads\/2017\/08\/AUX-VENTS-SALINS-Cover-1024x434.jpg\" alt=\"AUX-VENTS-SALINS-Cover\" class=\"aligncenter size-large wp-image-5756\" srcset=\"https:\/\/www.galeriechampaka.com\/wp-content\/uploads\/2017\/08\/AUX-VENTS-SALINS-Cover-1024x434.jpg 1024w, https:\/\/www.galeriechampaka.com\/wp-content\/uploads\/2017\/08\/AUX-VENTS-SALINS-Cover-300x127.jpg 300w, https:\/\/www.galeriechampaka.com\/wp-content\/uploads\/2017\/08\/AUX-VENTS-SALINS-Cover-768x325.jpg 768w, https:\/\/www.galeriechampaka.com\/wp-content\/uploads\/2017\/08\/AUX-VENTS-SALINS-Cover.jpg 1854w\" sizes=\"auto, (max-width: 1024px) 100vw, 1024px\" \/><\/a><\/p>\n<h2><strong>Exposition \u00ab&nbsp;Aux vents salins&nbsp;\u00bb<\/strong><\/h2>\n<ul>\n<li>Vernissage&nbsp;: jeudi 7 septembre 2017<\/li>\n<li>Exposition&nbsp;: 08\/09 au 30\/09\/2017<\/li>\n<\/ul>\n","protected":false},"excerpt":{"rendered":"<p>La superbe exposition \u00ab\u00a0Aux vents salins\u00a0\u00bb que Claude Renard a cr\u00e9\u00e9 pour la galerie Champaka est accompagn\u00e9e d&rsquo;un livre d&rsquo;artiste dont le tirage est limit\u00e9, num\u00e9rot\u00e9 et sign\u00e9. En avant-premi\u00e8re, voici la couverture. Exposition \u00ab&nbsp;Aux vents salins&nbsp;\u00bb Vernissage&nbsp;: jeudi 7 septembre 2017 Exposition&nbsp;: 08\/09 au 30\/09\/2017<\/p>\n","protected":false},"author":1,"featured_media":5756,"comment_status":"closed","ping_status":"open","sticky":false,"template":"","format":"standard","meta":{"ngg_post_thumbnail":0,"footnotes":""},"categories":[4],"tags":[],"class_list":["post-5755","post","type-post","status-publish","format-standard","has-post-thumbnail","hentry","category-news"],"_links":{"self":[{"href":"https:\/\/www.galeriechampaka.com\/index.php?rest_route=\/wp\/v2\/posts\/5755","targetHints":{"allow":["GET"]}}],"collection":[{"href":"https:\/\/www.galeriechampaka.com\/index.php?rest_route=\/wp\/v2\/posts"}],"about":[{"href":"https:\/\/www.galeriechampaka.com\/index.php?rest_route=\/wp\/v2\/types\/post"}],"author":[{"embeddable":true,"href":"https:\/\/www.galeriechampaka.com\/index.php?rest_route=\/wp\/v2\/users\/1"}],"replies":[{"embeddable":true,"href":"https:\/\/www.galeriechampaka.com\/index.php?rest_route=%2Fwp%2Fv2%2Fcomments&post=5755"}],"version-history":[{"count":4,"href":"https:\/\/www.galeriechampaka.com\/index.php?rest_route=\/wp\/v2\/posts\/5755\/revisions"}],"predecessor-version":[{"id":5761,"href":"https:\/\/www.galeriechampaka.com\/index.php?rest_route=\/wp\/v2\/posts\/5755\/revisions\/5761"}],"wp:featuredmedia":[{"embeddable":true,"href":"https:\/\/www.galeriechampaka.com\/index.php?rest_route=\/wp\/v2\/media\/5756"}],"wp:attachment":[{"href":"https:\/\/www.galeriechampaka.com\/index.php?rest_route=%2Fwp%2Fv2%2Fmedia&parent=5755"}],"wp:term":[{"taxonomy":"category","embeddable":true,"href":"https:\/\/www.galeriechampaka.com\/index.php?rest_route=%2Fwp%2Fv2%2Fcategories&post=5755"},{"taxonomy":"post_tag","embeddable":true,"href":"https:\/\/www.galeriechampaka.com\/index.php?rest_route=%2Fwp%2Fv2%2Ftags&post=5755"}],"curies":[{"name":"wp","href":"https:\/\/api.w.org\/{rel}","templated":true}]}}