{"id":5773,"date":"2017-08-16T13:09:17","date_gmt":"2017-08-16T11:09:17","guid":{"rendered":"https:\/\/www.galeriechampaka.com\/?p=5773"},"modified":"2017-08-16T13:09:17","modified_gmt":"2017-08-16T11:09:17","slug":"la-galerie-champaka-participe-a-la-fete-de-la-bande-dessinee-de-la-region-bruxelles-capitale","status":"publish","type":"post","link":"https:\/\/www.galeriechampaka.com\/?p=5773","title":{"rendered":"La GALERIE CHAMPAKA participe \u00e0 la F\u00caTE DE LA BANDE DESSIN\u00c9E de la R\u00c9GION BRUXELLES-CAPITALE"},"content":{"rendered":"<p><a href=\"https:\/\/visit.brussels\/fr\/sites\/comicsfestival\/m_article\/expositions-et-animations-dans-la-ville\">Lien vers le site Visit.Brussels<\/a><\/p>\n<p>Exposition REY MACUTAY \/ J-D MORVAN<br \/>\nVernissage en pr\u00e9sence des auteurs le mercredi 31 ao\u00fbt 2017 de 18h00 \u00e0 20h30<br \/>\nExposition du 1er au 3 septembre 2017<\/p>\n","protected":false},"excerpt":{"rendered":"<p>Lien vers le site Visit.Brussels Exposition REY MACUTAY \/ J-D MORVAN Vernissage en pr\u00e9sence des auteurs le mercredi 31 ao\u00fbt 2017 de 18h00 \u00e0 20h30 Exposition du 1er au 3 septembre 2017<\/p>\n","protected":false},"author":1,"featured_media":5774,"comment_status":"closed","ping_status":"open","sticky":false,"template":"","format":"standard","meta":{"ngg_post_thumbnail":0,"footnotes":""},"categories":[4],"tags":[],"class_list":["post-5773","post","type-post","status-publish","format-standard","has-post-thumbnail","hentry","category-news"],"_links":{"self":[{"href":"https:\/\/www.galeriechampaka.com\/index.php?rest_route=\/wp\/v2\/posts\/5773","targetHints":{"allow":["GET"]}}],"collection":[{"href":"https:\/\/www.galeriechampaka.com\/index.php?rest_route=\/wp\/v2\/posts"}],"about":[{"href":"https:\/\/www.galeriechampaka.com\/index.php?rest_route=\/wp\/v2\/types\/post"}],"author":[{"embeddable":true,"href":"https:\/\/www.galeriechampaka.com\/index.php?rest_route=\/wp\/v2\/users\/1"}],"replies":[{"embeddable":true,"href":"https:\/\/www.galeriechampaka.com\/index.php?rest_route=%2Fwp%2Fv2%2Fcomments&post=5773"}],"version-history":[{"count":1,"href":"https:\/\/www.galeriechampaka.com\/index.php?rest_route=\/wp\/v2\/posts\/5773\/revisions"}],"predecessor-version":[{"id":5775,"href":"https:\/\/www.galeriechampaka.com\/index.php?rest_route=\/wp\/v2\/posts\/5773\/revisions\/5775"}],"wp:featuredmedia":[{"embeddable":true,"href":"https:\/\/www.galeriechampaka.com\/index.php?rest_route=\/wp\/v2\/media\/5774"}],"wp:attachment":[{"href":"https:\/\/www.galeriechampaka.com\/index.php?rest_route=%2Fwp%2Fv2%2Fmedia&parent=5773"}],"wp:term":[{"taxonomy":"category","embeddable":true,"href":"https:\/\/www.galeriechampaka.com\/index.php?rest_route=%2Fwp%2Fv2%2Fcategories&post=5773"},{"taxonomy":"post_tag","embeddable":true,"href":"https:\/\/www.galeriechampaka.com\/index.php?rest_route=%2Fwp%2Fv2%2Ftags&post=5773"}],"curies":[{"name":"wp","href":"https:\/\/api.w.org\/{rel}","templated":true}]}}