{"id":88387,"date":"2023-02-17T15:24:48","date_gmt":"2023-02-17T14:24:48","guid":{"rendered":"https:\/\/www.galeriechampaka.com\/?p=88387"},"modified":"2023-02-17T15:34:20","modified_gmt":"2023-02-17T14:34:20","slug":"bd-best-derriere-la-palette-speciale-daniel-torres-chez-champaka-08-02-2023","status":"publish","type":"post","link":"https:\/\/www.galeriechampaka.com\/?p=88387","title":{"rendered":"BD Best: \u00ab\u00a0Derri\u00e8re la palette&#8230;\u00a0\u00bb sp\u00e9ciale Daniel Torres chez Champaka &#8211; 08\/02\/2023"},"content":{"rendered":"<p>A l&rsquo;occasion du vernissage de son exposition \u00e0 la Galerie Champaka, Daniel Torres nous a accord\u00e9 la faveur d&rsquo;une interview de \u00ab\u00a0Derri\u00e8re la palette &#8230;\u00a0\u00bb pour BD Best.<\/p>\n<p>Acc\u00e9der \u00e0 l&rsquo;entretien sur <a href=\"https:\/\/www.bd-best.com\/-derri-re-la-palette-sp-cial-daniel-torres-news-12731.html\">BD-Best<\/a>&nbsp;<\/p>\n<p><iframe loading=\"lazy\" title=\"YouTube video player\" src=\"https:\/\/www.youtube.com\/embed\/FcA1lBtLQuU\" width=\"560\" height=\"315\" frameborder=\"0\" allowfullscreen=\"allowfullscreen\"><\/iframe><\/p>\n<p>Exposition \u00e0 d\u00e9couvrir jusqu&rsquo;au 4 mars 2023 \u00e0 la Galerie Champaka.<\/p>\n<p><iframe loading=\"lazy\" title=\"YouTube video player\" src=\"https:\/\/www.youtube.com\/embed\/xFf7ivYe3O0\" width=\"560\" height=\"315\" frameborder=\"0\" allowfullscreen=\"allowfullscreen\"><\/iframe><\/p>\n<p><strong>Interview :&nbsp;<\/strong>Thierry Ligot<br \/>\n<strong>Images :&nbsp;<\/strong>Aline Scoriels &amp; Axelle Coenen<\/p>\n","protected":false},"excerpt":{"rendered":"<p>A l&rsquo;occasion du vernissage de son exposition \u00e0 la Galerie Champaka, Daniel Torres nous a accord\u00e9 la faveur d&rsquo;une interview de \u00ab\u00a0Derri\u00e8re la palette &#8230;\u00a0\u00bb pour BD Best. Acc\u00e9der \u00e0 l&rsquo;entretien sur BD-Best&nbsp; Exposition \u00e0 d\u00e9couvrir jusqu&rsquo;au 4 mars 2023 \u00e0 la Galerie Champaka. Interview :&nbsp;Thierry Ligot Images :&nbsp;Aline Scoriels &amp; Axelle Coenen<\/p>\n","protected":false},"author":5,"featured_media":88388,"comment_status":"closed","ping_status":"open","sticky":false,"template":"","format":"standard","meta":{"ngg_post_thumbnail":0,"footnotes":""},"categories":[4],"tags":[],"class_list":["post-88387","post","type-post","status-publish","format-standard","has-post-thumbnail","hentry","category-news"],"_links":{"self":[{"href":"https:\/\/www.galeriechampaka.com\/index.php?rest_route=\/wp\/v2\/posts\/88387","targetHints":{"allow":["GET"]}}],"collection":[{"href":"https:\/\/www.galeriechampaka.com\/index.php?rest_route=\/wp\/v2\/posts"}],"about":[{"href":"https:\/\/www.galeriechampaka.com\/index.php?rest_route=\/wp\/v2\/types\/post"}],"author":[{"embeddable":true,"href":"https:\/\/www.galeriechampaka.com\/index.php?rest_route=\/wp\/v2\/users\/5"}],"replies":[{"embeddable":true,"href":"https:\/\/www.galeriechampaka.com\/index.php?rest_route=%2Fwp%2Fv2%2Fcomments&post=88387"}],"version-history":[{"count":1,"href":"https:\/\/www.galeriechampaka.com\/index.php?rest_route=\/wp\/v2\/posts\/88387\/revisions"}],"predecessor-version":[{"id":88389,"href":"https:\/\/www.galeriechampaka.com\/index.php?rest_route=\/wp\/v2\/posts\/88387\/revisions\/88389"}],"wp:featuredmedia":[{"embeddable":true,"href":"https:\/\/www.galeriechampaka.com\/index.php?rest_route=\/wp\/v2\/media\/88388"}],"wp:attachment":[{"href":"https:\/\/www.galeriechampaka.com\/index.php?rest_route=%2Fwp%2Fv2%2Fmedia&parent=88387"}],"wp:term":[{"taxonomy":"category","embeddable":true,"href":"https:\/\/www.galeriechampaka.com\/index.php?rest_route=%2Fwp%2Fv2%2Fcategories&post=88387"},{"taxonomy":"post_tag","embeddable":true,"href":"https:\/\/www.galeriechampaka.com\/index.php?rest_route=%2Fwp%2Fv2%2Ftags&post=88387"}],"curies":[{"name":"wp","href":"https:\/\/api.w.org\/{rel}","templated":true}]}}