{"id":97404,"date":"2024-12-03T12:56:33","date_gmt":"2024-12-03T11:56:33","guid":{"rendered":"https:\/\/www.galeriechampaka.com\/?p=97404"},"modified":"2024-12-03T12:59:30","modified_gmt":"2024-12-03T11:59:30","slug":"francois-schuiten-devoile-sa-sculpture-du-nauti-poulpe-devant-le-palais-de-justice-de-bruxelles","status":"publish","type":"post","link":"https:\/\/www.galeriechampaka.com\/?p=97404","title":{"rendered":"Fran\u00e7ois Schuiten d\u00e9voile sa sculpture du Nauti-poulpe devant le Palais de justice de Bruxelles"},"content":{"rendered":"<p class=\"my-3 h1title\"><strong>Fran\u00e7ois Schuiten d\u00e9voile sa sculpture du Nauti-poulpe devant le Palais de justice de Bruxelles<\/strong><\/p>\n<p><a href=\"https:\/\/www.actuabd.com\/Francois-Schuiten-devoile-sa-sculpture-du-Nauti-poulpe-devant-le-Palais-de?fbclid=IwY2xjawG6ZyRleHRuA2FlbQIxMQABHYnxoLvTdck1QSY8EufUAjYK6oTVVfZZobyg1rDgwqJMTWXTqaiIYCu6hQ_aem_D97QghPpxcQQvh9hpJxUNA&amp;sfnsn=mo\">Acc\u00e8der \u00e0 l&rsquo;article sur ActuaBD<\/a><\/p>\n<p><img decoding=\"async\" src=\"https:\/\/www.actuabd.com\/local\/cache-vignettes\/L720xH960\/img_1105-r90-90a1b.jpg?1733079200\" alt=\"Fran\u00e7ois Schuiten d\u00e9voile sa sculpture du Nauti-poulpe devant le Palais de justice de Bruxelles\"><\/p>\n","protected":false},"excerpt":{"rendered":"<p>Fran\u00e7ois Schuiten d\u00e9voile sa sculpture du Nauti-poulpe devant le Palais de justice de Bruxelles Acc\u00e8der \u00e0 l&rsquo;article sur ActuaBD<\/p>\n","protected":false},"author":5,"featured_media":97406,"comment_status":"closed","ping_status":"open","sticky":false,"template":"","format":"standard","meta":{"ngg_post_thumbnail":0,"footnotes":""},"categories":[4],"tags":[],"class_list":["post-97404","post","type-post","status-publish","format-standard","has-post-thumbnail","hentry","category-news"],"_links":{"self":[{"href":"https:\/\/www.galeriechampaka.com\/index.php?rest_route=\/wp\/v2\/posts\/97404","targetHints":{"allow":["GET"]}}],"collection":[{"href":"https:\/\/www.galeriechampaka.com\/index.php?rest_route=\/wp\/v2\/posts"}],"about":[{"href":"https:\/\/www.galeriechampaka.com\/index.php?rest_route=\/wp\/v2\/types\/post"}],"author":[{"embeddable":true,"href":"https:\/\/www.galeriechampaka.com\/index.php?rest_route=\/wp\/v2\/users\/5"}],"replies":[{"embeddable":true,"href":"https:\/\/www.galeriechampaka.com\/index.php?rest_route=%2Fwp%2Fv2%2Fcomments&post=97404"}],"version-history":[{"count":1,"href":"https:\/\/www.galeriechampaka.com\/index.php?rest_route=\/wp\/v2\/posts\/97404\/revisions"}],"predecessor-version":[{"id":97405,"href":"https:\/\/www.galeriechampaka.com\/index.php?rest_route=\/wp\/v2\/posts\/97404\/revisions\/97405"}],"wp:featuredmedia":[{"embeddable":true,"href":"https:\/\/www.galeriechampaka.com\/index.php?rest_route=\/wp\/v2\/media\/97406"}],"wp:attachment":[{"href":"https:\/\/www.galeriechampaka.com\/index.php?rest_route=%2Fwp%2Fv2%2Fmedia&parent=97404"}],"wp:term":[{"taxonomy":"category","embeddable":true,"href":"https:\/\/www.galeriechampaka.com\/index.php?rest_route=%2Fwp%2Fv2%2Fcategories&post=97404"},{"taxonomy":"post_tag","embeddable":true,"href":"https:\/\/www.galeriechampaka.com\/index.php?rest_route=%2Fwp%2Fv2%2Ftags&post=97404"}],"curies":[{"name":"wp","href":"https:\/\/api.w.org\/{rel}","templated":true}]}}